
{"id":1114,"date":"2022-03-20T17:04:21","date_gmt":"2022-03-20T17:04:21","guid":{"rendered":"https:\/\/nydek.knihovna.info\/?p=1114"},"modified":"2022-03-24T16:38:32","modified_gmt":"2022-03-24T16:38:32","slug":"knihy-s-regionalni-tematikou","status":"publish","type":"post","link":"https:\/\/nydek.knihovna.info\/?p=1114","title":{"rendered":"Knihy s region\u00e1ln\u00ed t\u00e9matikou"},"content":{"rendered":"\n<figure class=\"wp-block-image size-large is-style-default\"><a href=\"https:\/\/nydek.knihovna.info\/wp-content\/uploads\/2022\/03\/Knihy-Regionalni-703.jpg\"><img loading=\"lazy\" decoding=\"async\" width=\"703\" height=\"436\" src=\"https:\/\/nydek.knihovna.info\/wp-content\/uploads\/2022\/03\/Knihy-Regionalni-703.jpg\" alt=\"\" class=\"wp-image-1115\" srcset=\"https:\/\/nydek.knihovna.info\/wp-content\/uploads\/2022\/03\/Knihy-Regionalni-703.jpg 703w, https:\/\/nydek.knihovna.info\/wp-content\/uploads\/2022\/03\/Knihy-Regionalni-703-300x186.jpg 300w\" sizes=\"auto, (max-width: 703px) 100vw, 703px\" \/><\/a><\/figure>\n\n\n\n<p>N\u00e1\u0161 fond literatury s region\u00e1ln\u00ed t\u00e9matikou byl v posledn\u00ed dob\u011b obohacen o dal\u0161\u00ed zaj\u00edmav\u00e9 tituly. Knihy o na\u0161em okol\u00ed jsou mezi \u010dten\u00e1\u0159i velice \u017e\u00e1dan\u00e9, proto se Knihovna N\u00fddek zam\u011b\u0159uje na jejich z\u00edsk\u00e1v\u00e1n\u00ed a uchov\u00e1n\u00ed. V\u011bt\u0161inu titul\u016f jsme dostali darem od \u010dten\u00e1\u0159\u016f a n\u00e1v\u0161t\u011bvn\u00edk\u016f knihovny. D\u011bkujeme v\u0161em, kte\u0159\u00ed mysl\u00ed na ostatn\u00ed \u010dten\u00e1\u0159e a p\u011bknou kn\u00ed\u017eku daruj\u00ed knihovn\u011b. <\/p>\n","protected":false},"excerpt":{"rendered":"<p>N\u00e1\u0161 fond literatury s region\u00e1ln\u00ed t\u00e9matikou byl v posledn\u00ed dob\u011b obohacen o dal\u0161\u00ed zaj\u00edmav\u00e9 tituly. Knihy o na\u0161em okol\u00ed jsou mezi \u010dten\u00e1\u0159i velice \u017e\u00e1dan\u00e9, proto se Knihovna N\u00fddek zam\u011b\u0159uje na jejich z\u00edsk\u00e1v\u00e1n\u00ed a uchov\u00e1n\u00ed. V\u011bt\u0161inu titul\u016f jsme dostali darem od \u010dten\u00e1\u0159\u016f a n\u00e1v\u0161t\u011bvn\u00edk\u016f knihovny. D\u011bkujeme v\u0161em, kte\u0159\u00ed mysl\u00ed na ostatn\u00ed \u010dten\u00e1\u0159e a p\u011bknou kn\u00ed\u017eku daruj\u00ed [&hellip;]<\/p>\n","protected":false},"author":1,"featured_media":0,"comment_status":"open","ping_status":"open","sticky":false,"template":"","format":"standard","meta":{"footnotes":""},"categories":[1],"tags":[],"class_list":["post-1114","post","type-post","status-publish","format-standard","hentry","category-nezarazene"],"_links":{"self":[{"href":"https:\/\/nydek.knihovna.info\/index.php?rest_route=\/wp\/v2\/posts\/1114","targetHints":{"allow":["GET"]}}],"collection":[{"href":"https:\/\/nydek.knihovna.info\/index.php?rest_route=\/wp\/v2\/posts"}],"about":[{"href":"https:\/\/nydek.knihovna.info\/index.php?rest_route=\/wp\/v2\/types\/post"}],"author":[{"embeddable":true,"href":"https:\/\/nydek.knihovna.info\/index.php?rest_route=\/wp\/v2\/users\/1"}],"replies":[{"embeddable":true,"href":"https:\/\/nydek.knihovna.info\/index.php?rest_route=%2Fwp%2Fv2%2Fcomments&post=1114"}],"version-history":[{"count":4,"href":"https:\/\/nydek.knihovna.info\/index.php?rest_route=\/wp\/v2\/posts\/1114\/revisions"}],"predecessor-version":[{"id":1119,"href":"https:\/\/nydek.knihovna.info\/index.php?rest_route=\/wp\/v2\/posts\/1114\/revisions\/1119"}],"wp:attachment":[{"href":"https:\/\/nydek.knihovna.info\/index.php?rest_route=%2Fwp%2Fv2%2Fmedia&parent=1114"}],"wp:term":[{"taxonomy":"category","embeddable":true,"href":"https:\/\/nydek.knihovna.info\/index.php?rest_route=%2Fwp%2Fv2%2Fcategories&post=1114"},{"taxonomy":"post_tag","embeddable":true,"href":"https:\/\/nydek.knihovna.info\/index.php?rest_route=%2Fwp%2Fv2%2Ftags&post=1114"}],"curies":[{"name":"wp","href":"https:\/\/api.w.org\/{rel}","templated":true}]}}